{"id":33171,"date":"2022-11-24T16:24:52","date_gmt":"2022-11-24T16:24:52","guid":{"rendered":"https:\/\/m5j0n6nk9p.onrocket.site\/?p=33171"},"modified":"2022-11-25T10:04:54","modified_gmt":"2022-11-25T10:04:54","slug":"nova-parceria-oferece-solucao-inovadora","status":"publish","type":"post","link":"https:\/\/klinger.pt\/es\/nova-parceria-oferece-solucao-inovadora\/","title":{"rendered":"NOVA PARCERIA OFERECE SOLU\u00c7\u00c3O INOVADORA"},"content":{"rendered":"\n<div style=\"height:11px\" aria-hidden=\"true\" class=\"wp-block-spacer\"><\/div>\n\n\n\n<h3 class=\"has-medium-font-size wp-block-heading\">Acordo comercial entre KLINGER Portugal e Mapro Internacional traz novo recurso no tratamento de \u00e1guas atrav\u00e9s de tecnologia \u00fanica no mercado.<\/h3>\n\n\n<div class=\"wp-block-post-date\"><time datetime=\"2022-11-24T16:24:52+00:00\">24 de noviembre de 2022<\/time><\/div>\n\n\n<div style=\"height:27px\" aria-hidden=\"true\" class=\"wp-block-spacer\"><\/div>\n\n\n\n<p>KLINGER Portugal amplia sua gama de produtos e passa agora a distribuir compressores Mapro Internacional. Al\u00e9m de oferecer \u00f3timo fator qualidade\/pre\u00e7o, a confiabilidade e resposta t\u00e9cnica s\u00e3o aspetos a destacar.<\/p>\n\n\n\n<h2 class=\"wp-block-heading\">Avalia\u00e7\u00e3o do fornecedor<\/h2>\n\n\n\n<p>Na visita efetuada \u00e0s instala\u00e7\u00f5es da Mapro International por Ad\u00edlia Alves, respons\u00e1vel na KLINGER Portugal por este grupo de equipamentos, e Jos\u00e9 Carlos Azevedo, respons\u00e1vel de desenvolvimento, conclu\u00edmos na idoneidade da Mapro International, como parceiro para dar resposta \u00e0s necessidades dos nossos clientes. Destacamos elevados padr\u00f5es de qualidade no processo de fabrico, importantes refer\u00eancias no mercado internacional, certifica\u00e7\u00f5es e inova\u00e7\u00e3o. Esta visita marcou o in\u00edcio de uma parceria formalizada no passado 1 de outubro.<\/p>\n\n\n\n<figure class=\"wp-block-gallery has-nested-images columns-default is-cropped wp-block-gallery-1 is-layout-flex wp-block-gallery-is-layout-flex\">\n<figure class=\"wp-block-image size-large\"><a href=\"https:\/\/klinger.pt\/wp-content\/uploads\/2022\/11\/Fabrica-scaled.jpg\" target=\"_blank\" rel=\"noopener\"><img fetchpriority=\"high\" decoding=\"async\" width=\"1024\" height=\"768\" data-id=\"33251\" src=\"https:\/\/klinger.pt\/wp-content\/uploads\/2022\/11\/Fabrica-1024x768.jpg\" alt=\"\" class=\"wp-image-33251\" srcset=\"https:\/\/klinger.pt\/wp-content\/uploads\/2022\/11\/Fabrica-1024x768.jpg 1024w, https:\/\/klinger.pt\/wp-content\/uploads\/2022\/11\/Fabrica-300x225.jpg 300w, https:\/\/klinger.pt\/wp-content\/uploads\/2022\/11\/Fabrica-768x576.jpg 768w, https:\/\/klinger.pt\/wp-content\/uploads\/2022\/11\/Fabrica-1536x1152.jpg 1536w, https:\/\/klinger.pt\/wp-content\/uploads\/2022\/11\/Fabrica-2048x1536.jpg 2048w, https:\/\/klinger.pt\/wp-content\/uploads\/2022\/11\/Fabrica-1400x1050.jpg 1400w\" sizes=\"(max-width: 1024px) 100vw, 1024px\" \/><\/a><\/figure>\n\n\n\n<figure class=\"wp-block-image size-large\"><a href=\"https:\/\/klinger.pt\/wp-content\/uploads\/2022\/11\/Fabrica2-scaled.jpg\" target=\"_blank\" rel=\"noopener\"><img decoding=\"async\" width=\"1024\" height=\"768\" data-id=\"33247\" src=\"https:\/\/klinger.pt\/wp-content\/uploads\/2022\/11\/Fabrica2-1024x768.jpg\" alt=\"\" class=\"wp-image-33247\" srcset=\"https:\/\/klinger.pt\/wp-content\/uploads\/2022\/11\/Fabrica2-1024x768.jpg 1024w, https:\/\/klinger.pt\/wp-content\/uploads\/2022\/11\/Fabrica2-300x225.jpg 300w, https:\/\/klinger.pt\/wp-content\/uploads\/2022\/11\/Fabrica2-768x576.jpg 768w, https:\/\/klinger.pt\/wp-content\/uploads\/2022\/11\/Fabrica2-1536x1152.jpg 1536w, https:\/\/klinger.pt\/wp-content\/uploads\/2022\/11\/Fabrica2-2048x1536.jpg 2048w, https:\/\/klinger.pt\/wp-content\/uploads\/2022\/11\/Fabrica2-1400x1050.jpg 1400w\" sizes=\"(max-width: 1024px) 100vw, 1024px\" \/><\/a><\/figure>\n\n\n\n<figure class=\"wp-block-image size-large\"><a href=\"https:\/\/klinger.pt\/wp-content\/uploads\/2022\/11\/Fabrica3-scaled.jpg\" target=\"_blank\" rel=\"noopener\"><img decoding=\"async\" width=\"1024\" height=\"768\" data-id=\"33249\" src=\"https:\/\/klinger.pt\/wp-content\/uploads\/2022\/11\/Fabrica3-1024x768.jpg\" alt=\"\" class=\"wp-image-33249\" srcset=\"https:\/\/klinger.pt\/wp-content\/uploads\/2022\/11\/Fabrica3-1024x768.jpg 1024w, https:\/\/klinger.pt\/wp-content\/uploads\/2022\/11\/Fabrica3-300x225.jpg 300w, https:\/\/klinger.pt\/wp-content\/uploads\/2022\/11\/Fabrica3-768x576.jpg 768w, https:\/\/klinger.pt\/wp-content\/uploads\/2022\/11\/Fabrica3-1536x1152.jpg 1536w, https:\/\/klinger.pt\/wp-content\/uploads\/2022\/11\/Fabrica3-2048x1536.jpg 2048w, https:\/\/klinger.pt\/wp-content\/uploads\/2022\/11\/Fabrica3-1400x1050.jpg 1400w\" sizes=\"(max-width: 1024px) 100vw, 1024px\" \/><\/a><\/figure>\n<\/figure>\n\n\n\n<p class=\"has-text-align-center has-small-font-size\">Imagens: Mapro International &#8211; It\u00e1lia<\/p>\n\n\n\n<h2 class=\"wp-block-heading\">Credibilidade e know-how<\/h2>\n\n\n\n<p>Desde 1959 a Mapro International fabrica equipamentos para transporte de ar e gases t\u00e9cnicos para todo o mundo. Conhecida globalmente no sistema de transporte de biog\u00e1s, alargou a gama de fabrico para oferecer ao mercado compressores para arejamento, transporte pneum\u00e1tico, v\u00e1cuo ou qualquer utiliza\u00e7\u00e3o onde o transporte de ar seja necess\u00e1rio. A utiliza\u00e7\u00e3o destas m\u00e1quinas nos mais variados setores industriais, desde alimentar a farmac\u00eautico, desde m\u00e1quinas de moldagem a m\u00e1quinas de embalagem, em processos industriais, no controlo da polui\u00e7\u00e3o ambiental, etc., constitui a base de uma experi\u00eancia consolidada que permite \u00e0 empresa fornecer solu\u00e7\u00f5es tecnol\u00f3gicas e confi\u00e1veis. Suas certifica\u00e7\u00f5es atendem aos mais exigentes requisitos.<\/p>\n\n\n\n<h2 class=\"wp-block-heading\">Gama de produtos<\/h2>\n\n\n\n<p>Nossa nova gama compreende compressores rotativos de palhetas, ventiladores centr\u00edfugos, canal lateral, multi est\u00e1gio, deslocamento positivo e bombas de v\u00e1cuo. Atendendo diferentes campos de aplica\u00e7\u00f5es, como arejamento, g\u00e1s, transporte pneum\u00e1tico e bombas de v\u00e1cuo, sempre oferecendo prazo de entrega flex\u00edvel e suporte t\u00e9cnico atrav\u00e9s do servi\u00e7o p\u00f3s-venda KLINGER Portugal.<\/p>\n\n\n\n<figure class=\"wp-block-gallery has-nested-images columns-default is-cropped has-white-background-color has-background wp-block-gallery-2 is-layout-flex wp-block-gallery-is-layout-flex\">\n<figure class=\"wp-block-image size-thumbnail\"><a href=\"https:\/\/klinger.pt\/wp-content\/uploads\/2022\/11\/Centrifugal-fans-MCF-series-Biogas-and-Natural-Gas.jpg\" target=\"_blank\" rel=\"noopener\"><img loading=\"lazy\" decoding=\"async\" width=\"150\" height=\"150\" data-id=\"33237\" src=\"https:\/\/klinger.pt\/wp-content\/uploads\/2022\/11\/Centrifugal-fans-MCF-series-Biogas-and-Natural-Gas-150x150.jpg\" alt=\"\" class=\"wp-image-33237\" srcset=\"https:\/\/klinger.pt\/wp-content\/uploads\/2022\/11\/Centrifugal-fans-MCF-series-Biogas-and-Natural-Gas-150x150.jpg 150w, https:\/\/klinger.pt\/wp-content\/uploads\/2022\/11\/Centrifugal-fans-MCF-series-Biogas-and-Natural-Gas-300x300.jpg 300w, https:\/\/klinger.pt\/wp-content\/uploads\/2022\/11\/Centrifugal-fans-MCF-series-Biogas-and-Natural-Gas-768x768.jpg 768w, https:\/\/klinger.pt\/wp-content\/uploads\/2022\/11\/Centrifugal-fans-MCF-series-Biogas-and-Natural-Gas.jpg 800w\" sizes=\"(max-width: 150px) 100vw, 150px\" \/><\/a><figcaption class=\"wp-element-caption\">Ventiladores Centr\u00edfugos<\/figcaption><\/figure>\n\n\n\n<figure class=\"wp-block-image size-thumbnail\"><a href=\"https:\/\/klinger.pt\/wp-content\/uploads\/2022\/11\/Compressor.jpg\" target=\"_blank\" rel=\"noopener\"><img loading=\"lazy\" decoding=\"async\" width=\"150\" height=\"150\" data-id=\"33231\" src=\"https:\/\/klinger.pt\/wp-content\/uploads\/2022\/11\/Compressor-150x150.jpg\" alt=\"\" class=\"wp-image-33231\" srcset=\"https:\/\/klinger.pt\/wp-content\/uploads\/2022\/11\/Compressor-150x150.jpg 150w, https:\/\/klinger.pt\/wp-content\/uploads\/2022\/11\/Compressor-300x300.jpg 300w, https:\/\/klinger.pt\/wp-content\/uploads\/2022\/11\/Compressor-768x768.jpg 768w, https:\/\/klinger.pt\/wp-content\/uploads\/2022\/11\/Compressor.jpg 800w\" sizes=\"(max-width: 150px) 100vw, 150px\" \/><\/a><figcaption class=\"wp-element-caption\">Compressor Roots Deslocamento Positivo<\/figcaption><\/figure>\n\n\n\n<figure class=\"wp-block-image size-thumbnail\"><a href=\"https:\/\/klinger.pt\/wp-content\/uploads\/2022\/11\/Multistage-Centrifugal-blowers-Biogas-and-Natural-Gas.jpg\" target=\"_blank\" rel=\"noopener\"><img loading=\"lazy\" decoding=\"async\" width=\"150\" height=\"150\" data-id=\"33232\" src=\"https:\/\/klinger.pt\/wp-content\/uploads\/2022\/11\/Multistage-Centrifugal-blowers-Biogas-and-Natural-Gas-150x150.jpg\" alt=\"\" class=\"wp-image-33232\" srcset=\"https:\/\/klinger.pt\/wp-content\/uploads\/2022\/11\/Multistage-Centrifugal-blowers-Biogas-and-Natural-Gas-150x150.jpg 150w, https:\/\/klinger.pt\/wp-content\/uploads\/2022\/11\/Multistage-Centrifugal-blowers-Biogas-and-Natural-Gas-300x300.jpg 300w, https:\/\/klinger.pt\/wp-content\/uploads\/2022\/11\/Multistage-Centrifugal-blowers-Biogas-and-Natural-Gas-768x768.jpg 768w, https:\/\/klinger.pt\/wp-content\/uploads\/2022\/11\/Multistage-Centrifugal-blowers-Biogas-and-Natural-Gas.jpg 800w\" sizes=\"(max-width: 150px) 100vw, 150px\" \/><\/a><figcaption class=\"wp-element-caption\">Compressores Centr\u00edfugos Multi Est\u00e1gio<\/figcaption><\/figure>\n\n\n\n<figure class=\"wp-block-image size-thumbnail\"><a href=\"https:\/\/klinger.pt\/wp-content\/uploads\/2022\/11\/Side-channel-blower.jpg\" target=\"_blank\" rel=\"noopener\"><img loading=\"lazy\" decoding=\"async\" width=\"150\" height=\"150\" data-id=\"33235\" src=\"https:\/\/klinger.pt\/wp-content\/uploads\/2022\/11\/Side-channel-blower-150x150.jpg\" alt=\"\" class=\"wp-image-33235\" srcset=\"https:\/\/klinger.pt\/wp-content\/uploads\/2022\/11\/Side-channel-blower-150x150.jpg 150w, https:\/\/klinger.pt\/wp-content\/uploads\/2022\/11\/Side-channel-blower-300x300.jpg 300w, https:\/\/klinger.pt\/wp-content\/uploads\/2022\/11\/Side-channel-blower-768x768.jpg 768w, https:\/\/klinger.pt\/wp-content\/uploads\/2022\/11\/Side-channel-blower.jpg 800w\" sizes=\"(max-width: 150px) 100vw, 150px\" \/><\/a><figcaption class=\"wp-element-caption\">Bomba de V\u00e1cuo<\/figcaption><\/figure>\n\n\n\n<figure class=\"wp-block-image size-thumbnail\"><a href=\"https:\/\/klinger.pt\/wp-content\/uploads\/2022\/11\/Side-channel-blowers-for-biogas-and-natural-gas.jpg\" target=\"_blank\" rel=\"noopener\"><img loading=\"lazy\" decoding=\"async\" width=\"150\" height=\"150\" data-id=\"33239\" src=\"https:\/\/klinger.pt\/wp-content\/uploads\/2022\/11\/Side-channel-blowers-for-biogas-and-natural-gas-150x150.jpg\" alt=\"\" class=\"wp-image-33239\" srcset=\"https:\/\/klinger.pt\/wp-content\/uploads\/2022\/11\/Side-channel-blowers-for-biogas-and-natural-gas-150x150.jpg 150w, https:\/\/klinger.pt\/wp-content\/uploads\/2022\/11\/Side-channel-blowers-for-biogas-and-natural-gas-300x300.jpg 300w, https:\/\/klinger.pt\/wp-content\/uploads\/2022\/11\/Side-channel-blowers-for-biogas-and-natural-gas-768x768.jpg 768w, https:\/\/klinger.pt\/wp-content\/uploads\/2022\/11\/Side-channel-blowers-for-biogas-and-natural-gas.jpg 800w\" sizes=\"(max-width: 150px) 100vw, 150px\" \/><\/a><figcaption class=\"wp-element-caption\">Compressor Canal Lateral<\/figcaption><\/figure>\n\n\n\n<figure class=\"wp-block-image size-thumbnail\"><a href=\"https:\/\/klinger.pt\/wp-content\/uploads\/2022\/11\/Sliding-vane-rotary-compressor-biogas.jpg\" target=\"_blank\" rel=\"noopener\"><img loading=\"lazy\" decoding=\"async\" width=\"150\" height=\"150\" data-id=\"33241\" src=\"https:\/\/klinger.pt\/wp-content\/uploads\/2022\/11\/Sliding-vane-rotary-compressor-biogas-150x150.jpg\" alt=\"\" class=\"wp-image-33241\" srcset=\"https:\/\/klinger.pt\/wp-content\/uploads\/2022\/11\/Sliding-vane-rotary-compressor-biogas-150x150.jpg 150w, https:\/\/klinger.pt\/wp-content\/uploads\/2022\/11\/Sliding-vane-rotary-compressor-biogas-300x300.jpg 300w, https:\/\/klinger.pt\/wp-content\/uploads\/2022\/11\/Sliding-vane-rotary-compressor-biogas-768x768.jpg 768w, https:\/\/klinger.pt\/wp-content\/uploads\/2022\/11\/Sliding-vane-rotary-compressor-biogas.jpg 800w\" sizes=\"(max-width: 150px) 100vw, 150px\" \/><\/a><figcaption class=\"wp-element-caption\">Compressor Rotativo de Palhetas<\/figcaption><\/figure>\n<\/figure>\n\n\n\n<h2 class=\"wp-block-heading\">Tecnologia MAPRO SmartControl<\/h2>\n\n\n\n<p>Um dos diferenciais oferecidos \u00e9 a tecnologia MAPRO\u00ae SmartControl, um sistema de monitoriza\u00e7\u00e3o \u00fanico, desenvolvido especificamente para a gest\u00e3o e controlo da opera\u00e7\u00e3o dos sopradores roots da MAPRO. Atrav\u00e9s de par\u00e2metros previamente definidos, como por exemplo, quando ligado a uma sonda de oxig\u00eanio, o sistema recebe e processa as informa\u00e7\u00f5es recebidas da sonda, modificando o comportamento do compressor e movimentando maior ou menor quantidade de ar.<\/p>\n\n\n\n<figure class=\"wp-block-image size-large is-resized\"><img loading=\"lazy\" decoding=\"async\" src=\"https:\/\/klinger.pt\/wp-content\/uploads\/2022\/11\/Mapro_smart_control-1024x452.jpg\" alt=\"\" class=\"wp-image-33255\" width=\"840\" height=\"370\" srcset=\"https:\/\/klinger.pt\/wp-content\/uploads\/2022\/11\/Mapro_smart_control-1024x452.jpg 1024w, https:\/\/klinger.pt\/wp-content\/uploads\/2022\/11\/Mapro_smart_control-300x133.jpg 300w, https:\/\/klinger.pt\/wp-content\/uploads\/2022\/11\/Mapro_smart_control-768x339.jpg 768w, https:\/\/klinger.pt\/wp-content\/uploads\/2022\/11\/Mapro_smart_control-1536x678.jpg 1536w, https:\/\/klinger.pt\/wp-content\/uploads\/2022\/11\/Mapro_smart_control-2048x905.jpg 2048w, https:\/\/klinger.pt\/wp-content\/uploads\/2022\/11\/Mapro_smart_control-1400x618.jpg 1400w\" sizes=\"(max-width: 840px) 100vw, 840px\" \/><\/figure>\n\n\n\n<div style=\"height:22px\" aria-hidden=\"true\" class=\"wp-block-spacer\"><\/div>\n\n\n\n<div class=\"wp-block-buttons is-content-justification-center is-layout-flex wp-container-core-buttons-is-layout-16018d1d wp-block-buttons-is-layout-flex\">\n<div class=\"wp-block-button\"><a class=\"wp-block-button__link has-white-color has-text-color has-background wp-element-button\" style=\"border-radius:0px;background-color:#0068b4\">Para saber mais sobre esta novidade, contacte a nossa Product Manager&nbsp;Adilia Alves:<br>????&nbsp;a.alves@klinger.pt<br>???? +351 913 300 011<\/a><\/div>\n<\/div>\n","protected":false},"excerpt":{"rendered":"<p>Acordo comercial entre KLINGER Portugal e Mapro Internacional traz novo recurso no tratamento de \u00e1guas atrav\u00e9s de tecnologia \u00fanica no mercado. KLINGER Portugal amplia sua gama de produtos e passa agora a distribuir compressores Mapro Internacional. Al\u00e9m de oferecer \u00f3timo fator qualidade\/pre\u00e7o, a confiabilidade e resposta t\u00e9cnica s\u00e3o aspetos a destacar. Avalia\u00e7\u00e3o do fornecedor Na [&hellip;]<\/p>\n","protected":false},"author":4,"featured_media":33265,"comment_status":"open","ping_status":"open","sticky":false,"template":"","format":"standard","meta":{"_eb_attr":"","footnotes":""},"categories":[64],"tags":[],"class_list":["post-33171","post","type-post","status-publish","format-standard","has-post-thumbnail","hentry","category-noticias"],"aioseo_notices":[],"_links":{"self":[{"href":"https:\/\/klinger.pt\/es\/wp-json\/wp\/v2\/posts\/33171","targetHints":{"allow":["GET"]}}],"collection":[{"href":"https:\/\/klinger.pt\/es\/wp-json\/wp\/v2\/posts"}],"about":[{"href":"https:\/\/klinger.pt\/es\/wp-json\/wp\/v2\/types\/post"}],"author":[{"embeddable":true,"href":"https:\/\/klinger.pt\/es\/wp-json\/wp\/v2\/users\/4"}],"replies":[{"embeddable":true,"href":"https:\/\/klinger.pt\/es\/wp-json\/wp\/v2\/comments?post=33171"}],"version-history":[{"count":44,"href":"https:\/\/klinger.pt\/es\/wp-json\/wp\/v2\/posts\/33171\/revisions"}],"predecessor-version":[{"id":33369,"href":"https:\/\/klinger.pt\/es\/wp-json\/wp\/v2\/posts\/33171\/revisions\/33369"}],"wp:featuredmedia":[{"embeddable":true,"href":"https:\/\/klinger.pt\/es\/wp-json\/wp\/v2\/media\/33265"}],"wp:attachment":[{"href":"https:\/\/klinger.pt\/es\/wp-json\/wp\/v2\/media?parent=33171"}],"wp:term":[{"taxonomy":"category","embeddable":true,"href":"https:\/\/klinger.pt\/es\/wp-json\/wp\/v2\/categories?post=33171"},{"taxonomy":"post_tag","embeddable":true,"href":"https:\/\/klinger.pt\/es\/wp-json\/wp\/v2\/tags?post=33171"}],"curies":[{"name":"wp","href":"https:\/\/api.w.org\/{rel}","templated":true}]}}